{"id":18743,"date":"2026-09-04T21:18:17","date_gmt":"2026-09-04T19:18:17","guid":{"rendered":"https:\/\/www.davidtebras.com\/FantasiaCelta\/?p=18743"},"modified":"2026-09-04T21:42:23","modified_gmt":"2026-09-04T19:42:23","slug":"el-huerco","status":"publish","type":"post","link":"https:\/\/www.davidtebras.com\/FantasiaCelta\/el-huerco\/","title":{"rendered":"El Huerco, la terrible sombra de la muerte"},"content":{"rendered":"\n<p class=\"wp-block-paragraph\">El Huerco, tambi\u00e9n llamado Huercu, es una criatura de tinieblas y misterio que pertenece a la mitolog\u00eda asturiana. Se trata de un aviso de la muerte, una sombra que vaga por las calles con el mismo aspecto, con el mismo rostro,  que aquel que va a morir.<\/p>\n\n\n<div class=\"wp-block-image\">\n<figure class=\"aligncenter size-large is-resized\"><img loading=\"lazy\" decoding=\"async\" width=\"720\" height=\"900\" src=\"https:\/\/www.davidtebras.com\/FantasiaCelta\/wp-content\/uploads\/2026\/09\/1000104471-720x900.jpg\" alt=\"El Huerco. Imagen creada por IA para Fantas\u00eda Celta. \" class=\"wp-image-18761\" style=\"width:417px;height:auto\" srcset=\"https:\/\/www.davidtebras.com\/FantasiaCelta\/wp-content\/uploads\/2026\/09\/1000104471-720x900.jpg 720w, https:\/\/www.davidtebras.com\/FantasiaCelta\/wp-content\/uploads\/2026\/09\/1000104471-240x300.jpg 240w, https:\/\/www.davidtebras.com\/FantasiaCelta\/wp-content\/uploads\/2026\/09\/1000104471-120x150.jpg 120w, https:\/\/www.davidtebras.com\/FantasiaCelta\/wp-content\/uploads\/2026\/09\/1000104471-768x960.jpg 768w, https:\/\/www.davidtebras.com\/FantasiaCelta\/wp-content\/uploads\/2026\/09\/1000104471.jpg 1080w\" sizes=\"auto, (max-width: 720px) 100vw, 720px\" \/><\/figure>\n<\/div>\n\n\n<blockquote class=\"wp-block-quote has-black-color has-black-background-color has-text-color has-background has-link-color wp-elements-1 is-layout-flow wp-block-quote-is-layout-flow\" style=\"font-size:14px;font-style:italic;font-weight:400;background-image:linear-gradient(135deg,rgb(224,224,220) 0%,rgb(202,200,180) 100%);\">\n<p class=\"wp-block-paragraph\">Huerco. Este vocablo responde al nombre latino Orcus. Este nombre dieron los antiguos al dios de los infiernos, al cual llamaron Plut\u00f3n y Dite&#8230; Se llaman huerco las andas en que llevan a enterrar los muertos en la lengua castellana antigua. Tambi\u00e9n llaman huerco al que est\u00e1 siempre llorando y triste, escondido en las tinieblas. <\/p>\n<cite>Sebasti\u00e1n de Covarrubias<\/cite><\/blockquote>\n\n\n\n<h3 class=\"wp-block-heading has-text-align-center\">Entonces&#8230; \u00bfQu\u00e9 es el Huerco?<\/h3>\n\n\n\n<p class=\"wp-block-paragraph\">Lo cierto es que existen seres m\u00edticos realmente terribles, pero no se me ocurre ninguno tan tenebroso como el Huerco. Y es que esta entidad es la sombra de la muerte, el mensajero de la Parca.<\/p>\n\n\n\n<p class=\"wp-block-paragraph\">Siempre est\u00e1 relacionado con una poblaci\u00f3n en concreto, y se pasea por sus calles con el mismo aspecto y la misma cara que una determinada persona que vive o que ha vivido en ese pueblo; una persona que va a morir.<\/p>\n\n\n\n<p class=\"wp-block-paragraph\">Por lo tanto, el Huerco es:<\/p>\n\n\n\n<ul class=\"wp-block-list\">\n<li><strong>Un doble exacto de aquel que va a morir:<\/strong> Es una aparici\u00f3n con la misma cara y el mismo cuerpo de una persona viva.<\/li>\n\n\n\n<li><strong>Un aviso fatal:<\/strong> Se pasea por los lugares que la persona frecuenta poco antes de que esta muera.<\/li>\n\n\n\n<li><strong>Una se\u00f1al de la muerte:<\/strong> Quien lo ve cree cruzarse con el vecino o familiar real, pero sirve como anuncio de un fallecimiento inminente.<\/li>\n<\/ul>\n\n\n\n<h3 class=\"wp-block-heading has-text-align-center\">El huerco,  antiguo mensajero de la muerte<\/h3>\n\n\n\n<p class=\"wp-block-paragraph\">En la Asturias del pasado se cre\u00eda que cuando alguien iba a morir, un doble sombr\u00edo con su imagen se paseaba por los lugares que sol\u00eda frecuentar esa persona a la que le iba a llegar la hora. Algunas versiones defienden que lo hac\u00eda hasta que alg\u00fan conocido lo ve\u00eda.<\/p>\n\n\n\n<p class=\"wp-block-paragraph\">Despu\u00e9s, este vecino va a jurar que ha visto a esa persona, que por lo general yace en su lecho de muerte. Lo que en realidad ha visto el vecino fue el Huerco, la sombra de la muerte futura, recorriendo por \u00faltima vez los rincones en los que transcurri\u00f3 la vida de aquel que va a morir.<\/p>\n\n\n\n<h3 class=\"wp-block-heading has-text-align-center\">El huerco: leyenda y avistamientos reales <\/h3>\n\n\n\n<p class=\"wp-block-paragraph\">Muchos atestiguan haber visto al Huerco, y en este art\u00edculo recojo varios de estos testimonios. El siguiente es de Villamor de Somiedo. <\/p>\n\n\n\n<blockquote class=\"wp-block-quote has-black-color has-black-background-color has-text-color has-background has-link-color wp-elements-2 is-layout-flow wp-block-quote-is-layout-flow\" style=\"font-size:14px;font-style:italic;font-weight:400;background-image:linear-gradient(135deg,rgb(224,224,220) 0%,rgb(202,200,180) 100%);\">\n<p class=\"wp-block-paragraph\">Era hacia el oscurecer, y la quietud y el silencio dominaban el lugar. Estaba una vecina a la ventana y a poco vi\u00f3 pasar otra vecina, que tornaba de la fuente con un c\u00e1ntaro.<\/p>\n\n\n\n<p class=\"wp-block-paragraph\">\u2014Mar\u00eda \u2014llam\u00f3 la una\u2014. Si me dieras un poco de agua te lo agradecer\u00eda.<\/p>\n\n\n\n<p class=\"wp-block-paragraph\">La otra se alej\u00f3 sin responderle. Le llam\u00f3 la atenci\u00f3n a la vecina lo que hiciera esta mujer, y se lanz\u00f3 en su busca a la calleja. No la hall\u00f3, se fu\u00e9 a su casa, y la encontr\u00f3 all\u00ed agonizando.<\/p>\n\n\n\n<p class=\"wp-block-paragraph\">\u2014\u00bfPero cu\u00e1ndo le entr\u00f3 el mal?<\/p>\n\n\n\n<p class=\"wp-block-paragraph\">\u2014Desde este mediod\u00eda est\u00e1 con \u00e9l.<\/p>\n\n\n\n<p class=\"wp-block-paragraph\">\u2014Es que yo jurar\u00eda que la vi en la fuente hace un momento&#8230; <\/p>\n\n\n\n<p class=\"wp-block-paragraph\">\u2014\u00a1Jes\u00fas, mujer&#8230;! \u00bfC\u00f3mo ibas a verla, si desde medio d\u00eda est\u00e1 en la cama?<\/p>\n\n\n\n<p class=\"wp-block-paragraph\">Y a los pocos instantes se muri\u00f3, Lo que viera la vecina hab\u00eda sido el Huerco anunciando una muerte. <\/p>\n<cite>Recogido de <strong>Mitolog\u00eda asturiana, los dioses de la muerte, <\/strong>de Constantino cabal. <\/cite><\/blockquote>\n\n\n<div class=\"wp-block-image\">\n<figure class=\"aligncenter size-large is-resized\"><img loading=\"lazy\" decoding=\"async\" width=\"726\" height=\"900\" src=\"https:\/\/www.davidtebras.com\/FantasiaCelta\/wp-content\/uploads\/2026\/09\/1000104461-726x900.jpg\" alt=\"El Huerco. Imagen creada por IA para Fantas\u00eda Celta\" class=\"wp-image-18754\" style=\"aspect-ratio:0.8066747260151806;width:411px;height:auto\" srcset=\"https:\/\/www.davidtebras.com\/FantasiaCelta\/wp-content\/uploads\/2026\/09\/1000104461-726x900.jpg 726w, https:\/\/www.davidtebras.com\/FantasiaCelta\/wp-content\/uploads\/2026\/09\/1000104461-121x150.jpg 121w, https:\/\/www.davidtebras.com\/FantasiaCelta\/wp-content\/uploads\/2026\/09\/1000104461-242x300.jpg 242w, https:\/\/www.davidtebras.com\/FantasiaCelta\/wp-content\/uploads\/2026\/09\/1000104461-768x952.jpg 768w, https:\/\/www.davidtebras.com\/FantasiaCelta\/wp-content\/uploads\/2026\/09\/1000104461.jpg 1080w\" sizes=\"auto, (max-width: 726px) 100vw, 726px\" \/><\/figure>\n<\/div>\n\n\n<h3 class=\"wp-block-heading has-text-align-center\">Cuando el aparecido est\u00e1 lejos&#8230; O a\u00fan peor. <\/h3>\n\n\n\n<p class=\"wp-block-paragraph\">A veces sucede que la sombra que recorre las calles es la viva imagen de alguien que no est\u00e1 en el pueblo&#8230; Alguien que est\u00e1 de viaje, o en el ej\u00e9rcito, o embarcado. Y ya os hac\u00e9is una idea de lo que esto significa. <\/p>\n\n\n\n<p class=\"wp-block-paragraph\">Lo de ver al Huerco le ha ocurrido a mucha gente. Ver a un familiar o a un amigo que no est\u00e1 en el pueblo no es lo peor que te puede pasar. Lo peor es verte a t\u00ed mismo.<\/p>\n\n\n\n<p class=\"wp-block-paragraph\">Para terminar os referir\u00e9 el testimonio de Faro Fernandez Cannedo, cura p\u00e1rroco de Berbes, que cita el caso de Francisco Garc\u00eda Men\u00e9ndez, quien vi\u00f3 pasar por agua a una vecina y le pregunt\u00f3 despu\u00e9s:<\/p>\n\n\n\n<blockquote class=\"wp-block-quote has-black-color has-black-background-color has-text-color has-background has-link-color wp-elements-3 is-layout-flow wp-block-quote-is-layout-flow\" style=\"font-size:14px;background-image:linear-gradient(135deg,rgb(224,224,220) 0%,rgb(202,200,180) 100%);\">\n<p class=\"wp-block-paragraph\">\u2014\u00bfNo fuiste por agua?<\/p>\n\n\n\n<p class=\"wp-block-paragraph\">\u2014No.<\/p>\n\n\n\n<p class=\"wp-block-paragraph\">\u2014Pues prep\u00e1rate entonces, que vas a morir.<\/p>\n\n\n\n<p class=\"wp-block-paragraph\">Y se muri\u00f3, en efecto, a los tres d\u00edas.<\/p>\n<cite>Recogido de <strong>Mitolog\u00eda asturiana, los dioses de la muerte, <\/strong>de Constantino cabal. <\/cite><\/blockquote>\n\n\n\n<h3 class=\"wp-block-heading has-text-align-center\">Ahora ya conoces al Huerco<\/h3>\n\n\n\n<p class=\"wp-block-paragraph\">Si te gustan las novelas de fantas\u00eda (al m\u00e1s puro estilo de <em>El se\u00f1or de los anillos<\/em>), d\u00e9jame informarte de que estoy escribiendo una serie literaria basada en nuestras mitolog\u00edas, las de la Pen\u00ednsula Ib\u00e9rica. Por lo tanto, son novelas repletas de nuestros seres m\u00edticos y leyendas. De momento, he escrito las siguientes:<\/p>\n\n\n\n<figure class=\"wp-block-gallery has-nested-images columns-2 is-cropped wp-block-gallery-2 is-layout-flex wp-block-gallery-is-layout-flex\">\n<figure class=\"wp-block-image size-large\"><a href=\"https:\/\/www.davidtebras.com\/FantasiaCelta\/mis-libros\/\"><img loading=\"lazy\" decoding=\"async\" width=\"600\" height=\"900\" data-id=\"10617\" src=\"https:\/\/www.davidtebras.com\/FantasiaCelta\/wp-content\/uploads\/2023\/12\/La-hija-de-la-Ayalga-Opt-600x900.jpg\" alt=\"\" class=\"wp-image-10617\" srcset=\"https:\/\/www.davidtebras.com\/FantasiaCelta\/wp-content\/uploads\/2023\/12\/La-hija-de-la-Ayalga-Opt-600x900.jpg 600w, https:\/\/www.davidtebras.com\/FantasiaCelta\/wp-content\/uploads\/2023\/12\/La-hija-de-la-Ayalga-Opt-200x300.jpg 200w, https:\/\/www.davidtebras.com\/FantasiaCelta\/wp-content\/uploads\/2023\/12\/La-hija-de-la-Ayalga-Opt-100x150.jpg 100w, https:\/\/www.davidtebras.com\/FantasiaCelta\/wp-content\/uploads\/2023\/12\/La-hija-de-la-Ayalga-Opt-768x1152.jpg 768w, https:\/\/www.davidtebras.com\/FantasiaCelta\/wp-content\/uploads\/2023\/12\/La-hija-de-la-Ayalga-Opt-1024x1536.jpg 1024w, https:\/\/www.davidtebras.com\/FantasiaCelta\/wp-content\/uploads\/2023\/12\/La-hija-de-la-Ayalga-Opt.jpg 1365w\" sizes=\"auto, (max-width: 600px) 100vw, 600px\" \/><\/a><\/figure>\n\n\n\n<figure class=\"wp-block-image size-large\"><a href=\"https:\/\/www.davidtebras.com\/FantasiaCelta\/mis-libros\/\"><img loading=\"lazy\" decoding=\"async\" width=\"634\" height=\"900\" data-id=\"16628\" src=\"https:\/\/www.davidtebras.com\/FantasiaCelta\/wp-content\/uploads\/2025\/11\/La-Marca-del-urco-portada-ligera-634x900.jpeg\" alt=\"\" class=\"wp-image-16628\" srcset=\"https:\/\/www.davidtebras.com\/FantasiaCelta\/wp-content\/uploads\/2025\/11\/La-Marca-del-urco-portada-ligera-634x900.jpeg 634w, https:\/\/www.davidtebras.com\/FantasiaCelta\/wp-content\/uploads\/2025\/11\/La-Marca-del-urco-portada-ligera-211x300.jpeg 211w, https:\/\/www.davidtebras.com\/FantasiaCelta\/wp-content\/uploads\/2025\/11\/La-Marca-del-urco-portada-ligera-106x150.jpeg 106w, https:\/\/www.davidtebras.com\/FantasiaCelta\/wp-content\/uploads\/2025\/11\/La-Marca-del-urco-portada-ligera-768x1090.jpeg 768w, https:\/\/www.davidtebras.com\/FantasiaCelta\/wp-content\/uploads\/2025\/11\/La-Marca-del-urco-portada-ligera-1082x1536.jpeg 1082w, https:\/\/www.davidtebras.com\/FantasiaCelta\/wp-content\/uploads\/2025\/11\/La-Marca-del-urco-portada-ligera.jpeg 1127w\" sizes=\"auto, (max-width: 634px) 100vw, 634px\" \/><\/a><\/figure>\n<\/figure>\n\n\n\n<p class=\"has-text-color has-background wp-block-paragraph\" style=\"color:#493060;background-color:#e7dec2\">Si quieres conocer a todas las criaturas fant\u00e1sticas de la Pen\u00ednsula Ib\u00e9rica, y no solamente a las que hay en este blog, te regalo un libro con, entre otros apartados, un extenso bestiario, compuesto por nada menos que&nbsp;<strong>147 criaturas<\/strong> fant\u00e1sticas de la Pen\u00ednsula Ib\u00e9rica, a las que describo y ubico geogr\u00e1ficamente. Solamente tienes que <strong><a href=\"https:\/\/www.davidtebras.com\/FantasiaCelta\/suscripcion\/\">suscribirte a este blog<\/a><\/strong>. De esta manera, si quieres, te mantendr\u00e9 informado de las novedades con un breve correo electr\u00f3nico que te llegar\u00e1 el viernes o el s\u00e1bado. Y si no quieres, puedes darte de baja cuando quieras. \u00a1Pero el libro nadie te lo quita! No lo dudes. Hazlo. Me har\u00e1s un poco m\u00e1s feliz.<\/p>\n\n\n\n<p class=\"has-text-color has-background wp-block-paragraph\" style=\"color:#493060;background-color:#e7dec2\">Un abrazo enorme. Muchas gracias por leerme.<\/p>\n\n\n\n<p class=\"has-text-color has-background wp-block-paragraph\" style=\"color:#493060;background-color:#e7dec2\">Sentid, vivid y no os rind\u00e1is nunca.<\/p>\n\n\n\n<h3 class=\"wp-block-heading\">Fuentes de documentaci\u00f3n<\/h3>\n\n\n\n<ul class=\"wp-block-list\">\n<li><strong><em>Mitolog\u00eda asturiana<\/em>,<\/strong>&nbsp;de Alberto \u00c1lvarez Pe\u00f1a.<\/li>\n\n\n\n<li><strong><em>Seres m\u00edticos y personajes fant\u00e1sticos espa\u00f1oles<\/em><\/strong>, de Manuel Mart\u00edn S\u00e1nchez.<\/li>\n\n\n\n<li><strong><em>La mitolog\u00eda asturiana, los dioses de la muerte<\/em><\/strong>&nbsp;(Madrid, 1925), de Constantino Cabal.<\/li>\n<\/ul>\n","protected":false},"excerpt":{"rendered":"<p>El Huerco, tambi\u00e9n llamado Huercu, es una criatura de tinieblas y misterio que pertenece a la mitolog\u00eda asturiana. Se trata de un aviso de la muerte, una sombra que vaga por las calles con el mismo aspecto, con el mismo rostro, que aquel que va a morir. Huerco. Este vocablo responde al nombre latino Orcus. [&hellip;]<\/p>\n","protected":false},"author":1,"featured_media":18761,"comment_status":"open","ping_status":"closed","sticky":false,"template":"","format":"standard","meta":{"om_disable_all_campaigns":false,"_monsterinsights_skip_tracking":false,"footnotes":""},"categories":[103,67,21,101],"tags":[668,669,85,453],"class_list":["post-18743","post","type-post","status-publish","format-standard","has-post-thumbnail","category-mitologia-asturiana","category-blog","category-criaturas-miticas","category-mitologia-iberica","tag-guerco","tag-huercu","tag-mitologia-asturiana","tag-mitologia-de-asturias","czr-hentry"],"yoast_head":"<!-- This site is optimized with the Yoast SEO plugin v28.4 - https:\/\/yoast.com\/product\/yoast-seo-wordpress\/ -->\n<title>El Huerco, la terrible sombra de la muerte - Fantas\u00eda celta<\/title>\n<meta name=\"description\" content=\"El huerco es un aviso de muerte, una sombra que vaga por las calles con la misma cara, con el mismo aspecto que aquel que va a morir.\" \/>\n<meta name=\"robots\" content=\"index, follow, max-snippet:-1, max-image-preview:large, max-video-preview:-1\" \/>\n<link rel=\"canonical\" href=\"https:\/\/www.davidtebras.com\/FantasiaCelta\/el-huerco\/\" \/>\n<meta property=\"og:locale\" content=\"es_ES\" \/>\n<meta property=\"og:type\" content=\"article\" \/>\n<meta property=\"og:title\" content=\"El Huerco, la terrible sombra de la muerte - Fantas\u00eda celta\" \/>\n<meta property=\"og:description\" content=\"El huerco es un aviso de muerte, una sombra que vaga por las calles con la misma cara, con el mismo aspecto que aquel que va a morir.\" \/>\n<meta property=\"og:url\" content=\"https:\/\/www.davidtebras.com\/FantasiaCelta\/el-huerco\/\" \/>\n<meta property=\"og:site_name\" content=\"Fantas\u00eda celta\" \/>\n<meta property=\"article:publisher\" content=\"https:\/\/www.facebook.com\/profile.php?id=100076251414329\" \/>\n<meta property=\"article:author\" content=\"https:\/\/www.facebook.com\/profile.php?id=100076251414329\" \/>\n<meta property=\"article:published_time\" content=\"2026-09-04T19:18:17+00:00\" \/>\n<meta property=\"article:modified_time\" content=\"2026-09-04T19:42:23+00:00\" \/>\n<meta property=\"og:image\" content=\"https:\/\/www.davidtebras.com\/FantasiaCelta\/wp-content\/uploads\/2026\/09\/1000104471.jpg\" \/>\n\t<meta property=\"og:image:width\" content=\"1080\" \/>\n\t<meta property=\"og:image:height\" content=\"1350\" \/>\n\t<meta property=\"og:image:type\" content=\"image\/jpeg\" \/>\n<meta name=\"author\" content=\"David Das Tebras\" \/>\n<meta name=\"twitter:label1\" content=\"Escrito por\" \/>\n\t<meta name=\"twitter:data1\" content=\"David Das Tebras\" \/>\n\t<meta name=\"twitter:label2\" content=\"Tiempo de lectura\" \/>\n\t<meta name=\"twitter:data2\" content=\"4 minutos\" \/>\n<script type=\"application\/ld+json\" class=\"yoast-schema-graph\">{\"@context\":\"https:\\\/\\\/schema.org\",\"@graph\":[{\"@type\":\"Article\",\"@id\":\"https:\\\/\\\/www.davidtebras.com\\\/FantasiaCelta\\\/el-huerco\\\/#article\",\"isPartOf\":{\"@id\":\"https:\\\/\\\/www.davidtebras.com\\\/FantasiaCelta\\\/el-huerco\\\/\"},\"author\":{\"name\":\"David Das Tebras\",\"@id\":\"https:\\\/\\\/www.davidtebras.com\\\/FantasiaCelta\\\/#\\\/schema\\\/person\\\/2205d2a2b6c786f5c672ea094a21032b\"},\"headline\":\"El Huerco, la terrible sombra de la muerte\",\"datePublished\":\"2026-09-04T19:18:17+00:00\",\"dateModified\":\"2026-09-04T19:42:23+00:00\",\"mainEntityOfPage\":{\"@id\":\"https:\\\/\\\/www.davidtebras.com\\\/FantasiaCelta\\\/el-huerco\\\/\"},\"wordCount\":812,\"commentCount\":0,\"publisher\":{\"@id\":\"https:\\\/\\\/www.davidtebras.com\\\/FantasiaCelta\\\/#\\\/schema\\\/person\\\/2205d2a2b6c786f5c672ea094a21032b\"},\"image\":{\"@id\":\"https:\\\/\\\/www.davidtebras.com\\\/FantasiaCelta\\\/el-huerco\\\/#primaryimage\"},\"thumbnailUrl\":\"https:\\\/\\\/www.davidtebras.com\\\/FantasiaCelta\\\/wp-content\\\/uploads\\\/2026\\\/09\\\/1000104471.jpg\",\"keywords\":[\"guerco\",\"Huercu\",\"mitolog\u00eda asturiana\",\"mitolog\u00eda de Asturias\"],\"articleSection\":[\"Asturias\",\"Blog\",\"Mitolog\u00edas\",\"Seres m\u00edticos de la Pen\u00ednsula Ib\u00e9rica\"],\"inLanguage\":\"es\",\"potentialAction\":[{\"@type\":\"CommentAction\",\"name\":\"Comment\",\"target\":[\"https:\\\/\\\/www.davidtebras.com\\\/FantasiaCelta\\\/el-huerco\\\/#respond\"]}]},{\"@type\":\"WebPage\",\"@id\":\"https:\\\/\\\/www.davidtebras.com\\\/FantasiaCelta\\\/el-huerco\\\/\",\"url\":\"https:\\\/\\\/www.davidtebras.com\\\/FantasiaCelta\\\/el-huerco\\\/\",\"name\":\"El Huerco, la terrible sombra de la muerte - Fantas\u00eda celta\",\"isPartOf\":{\"@id\":\"https:\\\/\\\/www.davidtebras.com\\\/FantasiaCelta\\\/#website\"},\"primaryImageOfPage\":{\"@id\":\"https:\\\/\\\/www.davidtebras.com\\\/FantasiaCelta\\\/el-huerco\\\/#primaryimage\"},\"image\":{\"@id\":\"https:\\\/\\\/www.davidtebras.com\\\/FantasiaCelta\\\/el-huerco\\\/#primaryimage\"},\"thumbnailUrl\":\"https:\\\/\\\/www.davidtebras.com\\\/FantasiaCelta\\\/wp-content\\\/uploads\\\/2026\\\/09\\\/1000104471.jpg\",\"datePublished\":\"2026-09-04T19:18:17+00:00\",\"dateModified\":\"2026-09-04T19:42:23+00:00\",\"description\":\"El huerco es un aviso de muerte, una sombra que vaga por las calles con la misma cara, con el mismo aspecto que aquel que va a morir.\",\"breadcrumb\":{\"@id\":\"https:\\\/\\\/www.davidtebras.com\\\/FantasiaCelta\\\/el-huerco\\\/#breadcrumb\"},\"inLanguage\":\"es\",\"potentialAction\":[{\"@type\":\"ReadAction\",\"target\":[\"https:\\\/\\\/www.davidtebras.com\\\/FantasiaCelta\\\/el-huerco\\\/\"]}]},{\"@type\":\"ImageObject\",\"inLanguage\":\"es\",\"@id\":\"https:\\\/\\\/www.davidtebras.com\\\/FantasiaCelta\\\/el-huerco\\\/#primaryimage\",\"url\":\"https:\\\/\\\/www.davidtebras.com\\\/FantasiaCelta\\\/wp-content\\\/uploads\\\/2026\\\/09\\\/1000104471.jpg\",\"contentUrl\":\"https:\\\/\\\/www.davidtebras.com\\\/FantasiaCelta\\\/wp-content\\\/uploads\\\/2026\\\/09\\\/1000104471.jpg\",\"width\":1080,\"height\":1350},{\"@type\":\"BreadcrumbList\",\"@id\":\"https:\\\/\\\/www.davidtebras.com\\\/FantasiaCelta\\\/el-huerco\\\/#breadcrumb\",\"itemListElement\":[{\"@type\":\"ListItem\",\"position\":1,\"name\":\"Portada\",\"item\":\"https:\\\/\\\/www.davidtebras.com\\\/FantasiaCelta\\\/\"},{\"@type\":\"ListItem\",\"position\":2,\"name\":\"El Huerco, la terrible sombra de la muerte\"}]},{\"@type\":\"WebSite\",\"@id\":\"https:\\\/\\\/www.davidtebras.com\\\/FantasiaCelta\\\/#website\",\"url\":\"https:\\\/\\\/www.davidtebras.com\\\/FantasiaCelta\\\/\",\"name\":\"Fantas\u00eda celta\",\"description\":\"Mitolog\u00eda, literatura fant\u00e1stica, criaturas fant\u00e1sticas, leyendas. \u00a1Fantas\u00eda en general!\",\"publisher\":{\"@id\":\"https:\\\/\\\/www.davidtebras.com\\\/FantasiaCelta\\\/#\\\/schema\\\/person\\\/2205d2a2b6c786f5c672ea094a21032b\"},\"potentialAction\":[{\"@type\":\"SearchAction\",\"target\":{\"@type\":\"EntryPoint\",\"urlTemplate\":\"https:\\\/\\\/www.davidtebras.com\\\/FantasiaCelta\\\/?s={search_term_string}\"},\"query-input\":{\"@type\":\"PropertyValueSpecification\",\"valueRequired\":true,\"valueName\":\"search_term_string\"}}],\"inLanguage\":\"es\"},{\"@type\":[\"Person\",\"Organization\"],\"@id\":\"https:\\\/\\\/www.davidtebras.com\\\/FantasiaCelta\\\/#\\\/schema\\\/person\\\/2205d2a2b6c786f5c672ea094a21032b\",\"name\":\"David Das Tebras\",\"image\":{\"@type\":\"ImageObject\",\"inLanguage\":\"es\",\"@id\":\"https:\\\/\\\/www.davidtebras.com\\\/FantasiaCelta\\\/wp-content\\\/uploads\\\/2022\\\/04\\\/Fantasia-Celta-David-Das-Tebras-Desde-Iliddiam.jpg\",\"url\":\"https:\\\/\\\/www.davidtebras.com\\\/FantasiaCelta\\\/wp-content\\\/uploads\\\/2022\\\/04\\\/Fantasia-Celta-David-Das-Tebras-Desde-Iliddiam.jpg\",\"contentUrl\":\"https:\\\/\\\/www.davidtebras.com\\\/FantasiaCelta\\\/wp-content\\\/uploads\\\/2022\\\/04\\\/Fantasia-Celta-David-Das-Tebras-Desde-Iliddiam.jpg\",\"width\":400,\"height\":566,\"caption\":\"David Das Tebras\"},\"logo\":{\"@id\":\"https:\\\/\\\/www.davidtebras.com\\\/FantasiaCelta\\\/wp-content\\\/uploads\\\/2022\\\/04\\\/Fantasia-Celta-David-Das-Tebras-Desde-Iliddiam.jpg\"},\"sameAs\":[\"https:\\\/\\\/www.davidtebras.com\\\/FantasiaCelta\\\/\",\"https:\\\/\\\/www.facebook.com\\\/profile.php?id=100076251414329\",\"https:\\\/\\\/z-p15.www.instagram.com\\\/daviddastebras\\\/\",\"https:\\\/\\\/x.com\\\/https:\\\/\\\/twitter.com\\\/DavidTebras\"],\"url\":\"https:\\\/\\\/www.davidtebras.com\\\/FantasiaCelta\\\/author\\\/admin\\\/\"}]}<\/script>\n<!-- \/ Yoast SEO plugin. -->","yoast_head_json":{"title":"El Huerco, la terrible sombra de la muerte - Fantas\u00eda celta","description":"El huerco es un aviso de muerte, una sombra que vaga por las calles con la misma cara, con el mismo aspecto que aquel que va a morir.","robots":{"index":"index","follow":"follow","max-snippet":"max-snippet:-1","max-image-preview":"max-image-preview:large","max-video-preview":"max-video-preview:-1"},"canonical":"https:\/\/www.davidtebras.com\/FantasiaCelta\/el-huerco\/","og_locale":"es_ES","og_type":"article","og_title":"El Huerco, la terrible sombra de la muerte - Fantas\u00eda celta","og_description":"El huerco es un aviso de muerte, una sombra que vaga por las calles con la misma cara, con el mismo aspecto que aquel que va a morir.","og_url":"https:\/\/www.davidtebras.com\/FantasiaCelta\/el-huerco\/","og_site_name":"Fantas\u00eda celta","article_publisher":"https:\/\/www.facebook.com\/profile.php?id=100076251414329","article_author":"https:\/\/www.facebook.com\/profile.php?id=100076251414329","article_published_time":"2026-09-04T19:18:17+00:00","article_modified_time":"2026-09-04T19:42:23+00:00","og_image":[{"width":1080,"height":1350,"url":"https:\/\/www.davidtebras.com\/FantasiaCelta\/wp-content\/uploads\/2026\/09\/1000104471.jpg","type":"image\/jpeg"}],"author":"David Das Tebras","twitter_misc":{"Escrito por":"David Das Tebras","Tiempo de lectura":"4 minutos"},"schema":{"@context":"https:\/\/schema.org","@graph":[{"@type":"Article","@id":"https:\/\/www.davidtebras.com\/FantasiaCelta\/el-huerco\/#article","isPartOf":{"@id":"https:\/\/www.davidtebras.com\/FantasiaCelta\/el-huerco\/"},"author":{"name":"David Das Tebras","@id":"https:\/\/www.davidtebras.com\/FantasiaCelta\/#\/schema\/person\/2205d2a2b6c786f5c672ea094a21032b"},"headline":"El Huerco, la terrible sombra de la muerte","datePublished":"2026-09-04T19:18:17+00:00","dateModified":"2026-09-04T19:42:23+00:00","mainEntityOfPage":{"@id":"https:\/\/www.davidtebras.com\/FantasiaCelta\/el-huerco\/"},"wordCount":812,"commentCount":0,"publisher":{"@id":"https:\/\/www.davidtebras.com\/FantasiaCelta\/#\/schema\/person\/2205d2a2b6c786f5c672ea094a21032b"},"image":{"@id":"https:\/\/www.davidtebras.com\/FantasiaCelta\/el-huerco\/#primaryimage"},"thumbnailUrl":"https:\/\/www.davidtebras.com\/FantasiaCelta\/wp-content\/uploads\/2026\/09\/1000104471.jpg","keywords":["guerco","Huercu","mitolog\u00eda asturiana","mitolog\u00eda de Asturias"],"articleSection":["Asturias","Blog","Mitolog\u00edas","Seres m\u00edticos de la Pen\u00ednsula Ib\u00e9rica"],"inLanguage":"es","potentialAction":[{"@type":"CommentAction","name":"Comment","target":["https:\/\/www.davidtebras.com\/FantasiaCelta\/el-huerco\/#respond"]}]},{"@type":"WebPage","@id":"https:\/\/www.davidtebras.com\/FantasiaCelta\/el-huerco\/","url":"https:\/\/www.davidtebras.com\/FantasiaCelta\/el-huerco\/","name":"El Huerco, la terrible sombra de la muerte - Fantas\u00eda celta","isPartOf":{"@id":"https:\/\/www.davidtebras.com\/FantasiaCelta\/#website"},"primaryImageOfPage":{"@id":"https:\/\/www.davidtebras.com\/FantasiaCelta\/el-huerco\/#primaryimage"},"image":{"@id":"https:\/\/www.davidtebras.com\/FantasiaCelta\/el-huerco\/#primaryimage"},"thumbnailUrl":"https:\/\/www.davidtebras.com\/FantasiaCelta\/wp-content\/uploads\/2026\/09\/1000104471.jpg","datePublished":"2026-09-04T19:18:17+00:00","dateModified":"2026-09-04T19:42:23+00:00","description":"El huerco es un aviso de muerte, una sombra que vaga por las calles con la misma cara, con el mismo aspecto que aquel que va a morir.","breadcrumb":{"@id":"https:\/\/www.davidtebras.com\/FantasiaCelta\/el-huerco\/#breadcrumb"},"inLanguage":"es","potentialAction":[{"@type":"ReadAction","target":["https:\/\/www.davidtebras.com\/FantasiaCelta\/el-huerco\/"]}]},{"@type":"ImageObject","inLanguage":"es","@id":"https:\/\/www.davidtebras.com\/FantasiaCelta\/el-huerco\/#primaryimage","url":"https:\/\/www.davidtebras.com\/FantasiaCelta\/wp-content\/uploads\/2026\/09\/1000104471.jpg","contentUrl":"https:\/\/www.davidtebras.com\/FantasiaCelta\/wp-content\/uploads\/2026\/09\/1000104471.jpg","width":1080,"height":1350},{"@type":"BreadcrumbList","@id":"https:\/\/www.davidtebras.com\/FantasiaCelta\/el-huerco\/#breadcrumb","itemListElement":[{"@type":"ListItem","position":1,"name":"Portada","item":"https:\/\/www.davidtebras.com\/FantasiaCelta\/"},{"@type":"ListItem","position":2,"name":"El Huerco, la terrible sombra de la muerte"}]},{"@type":"WebSite","@id":"https:\/\/www.davidtebras.com\/FantasiaCelta\/#website","url":"https:\/\/www.davidtebras.com\/FantasiaCelta\/","name":"Fantas\u00eda celta","description":"Mitolog\u00eda, literatura fant\u00e1stica, criaturas fant\u00e1sticas, leyendas. \u00a1Fantas\u00eda en general!","publisher":{"@id":"https:\/\/www.davidtebras.com\/FantasiaCelta\/#\/schema\/person\/2205d2a2b6c786f5c672ea094a21032b"},"potentialAction":[{"@type":"SearchAction","target":{"@type":"EntryPoint","urlTemplate":"https:\/\/www.davidtebras.com\/FantasiaCelta\/?s={search_term_string}"},"query-input":{"@type":"PropertyValueSpecification","valueRequired":true,"valueName":"search_term_string"}}],"inLanguage":"es"},{"@type":["Person","Organization"],"@id":"https:\/\/www.davidtebras.com\/FantasiaCelta\/#\/schema\/person\/2205d2a2b6c786f5c672ea094a21032b","name":"David Das Tebras","image":{"@type":"ImageObject","inLanguage":"es","@id":"https:\/\/www.davidtebras.com\/FantasiaCelta\/wp-content\/uploads\/2022\/04\/Fantasia-Celta-David-Das-Tebras-Desde-Iliddiam.jpg","url":"https:\/\/www.davidtebras.com\/FantasiaCelta\/wp-content\/uploads\/2022\/04\/Fantasia-Celta-David-Das-Tebras-Desde-Iliddiam.jpg","contentUrl":"https:\/\/www.davidtebras.com\/FantasiaCelta\/wp-content\/uploads\/2022\/04\/Fantasia-Celta-David-Das-Tebras-Desde-Iliddiam.jpg","width":400,"height":566,"caption":"David Das Tebras"},"logo":{"@id":"https:\/\/www.davidtebras.com\/FantasiaCelta\/wp-content\/uploads\/2022\/04\/Fantasia-Celta-David-Das-Tebras-Desde-Iliddiam.jpg"},"sameAs":["https:\/\/www.davidtebras.com\/FantasiaCelta\/","https:\/\/www.facebook.com\/profile.php?id=100076251414329","https:\/\/z-p15.www.instagram.com\/daviddastebras\/","https:\/\/x.com\/https:\/\/twitter.com\/DavidTebras"],"url":"https:\/\/www.davidtebras.com\/FantasiaCelta\/author\/admin\/"}]}},"_links":{"self":[{"href":"https:\/\/www.davidtebras.com\/FantasiaCelta\/wp-json\/wp\/v2\/posts\/18743","targetHints":{"allow":["GET"]}}],"collection":[{"href":"https:\/\/www.davidtebras.com\/FantasiaCelta\/wp-json\/wp\/v2\/posts"}],"about":[{"href":"https:\/\/www.davidtebras.com\/FantasiaCelta\/wp-json\/wp\/v2\/types\/post"}],"author":[{"embeddable":true,"href":"https:\/\/www.davidtebras.com\/FantasiaCelta\/wp-json\/wp\/v2\/users\/1"}],"replies":[{"embeddable":true,"href":"https:\/\/www.davidtebras.com\/FantasiaCelta\/wp-json\/wp\/v2\/comments?post=18743"}],"version-history":[{"count":40,"href":"https:\/\/www.davidtebras.com\/FantasiaCelta\/wp-json\/wp\/v2\/posts\/18743\/revisions"}],"predecessor-version":[{"id":18791,"href":"https:\/\/www.davidtebras.com\/FantasiaCelta\/wp-json\/wp\/v2\/posts\/18743\/revisions\/18791"}],"wp:featuredmedia":[{"embeddable":true,"href":"https:\/\/www.davidtebras.com\/FantasiaCelta\/wp-json\/wp\/v2\/media\/18761"}],"wp:attachment":[{"href":"https:\/\/www.davidtebras.com\/FantasiaCelta\/wp-json\/wp\/v2\/media?parent=18743"}],"wp:term":[{"taxonomy":"category","embeddable":true,"href":"https:\/\/www.davidtebras.com\/FantasiaCelta\/wp-json\/wp\/v2\/categories?post=18743"},{"taxonomy":"post_tag","embeddable":true,"href":"https:\/\/www.davidtebras.com\/FantasiaCelta\/wp-json\/wp\/v2\/tags?post=18743"}],"curies":[{"name":"wp","href":"https:\/\/api.w.org\/{rel}","templated":true}]}}